{"id":1239,"date":"2026-03-11T11:18:44","date_gmt":"2026-03-11T11:18:44","guid":{"rendered":"http:\/\/imofinance.pt\/?p=1239"},"modified":"2026-03-11T11:18:44","modified_gmt":"2026-03-11T11:18:44","slug":"decoracao-de-interiores-em-2026-tendencias-que-valorizam-a-casa-e-o-bem-estar","status":"publish","type":"post","link":"https:\/\/imofinance.pt\/index.php\/2026\/03\/11\/decoracao-de-interiores-em-2026-tendencias-que-valorizam-a-casa-e-o-bem-estar\/","title":{"rendered":"Decora\u00e7\u00e3o de interiores em 2026: Tend\u00eancias que valorizam a casa e o bem-estar"},"content":{"rendered":"\n<div class=\"wp-block-cover is-light\"><span aria-hidden=\"true\" class=\"wp-block-cover__background has-background-dim-20 has-background-dim\"><\/span><div class=\"wp-block-cover__inner-container is-layout-flow wp-block-cover-is-layout-flow\">\n<div class=\"wp-block-group is-vertical is-layout-flex wp-container-core-group-is-layout-8cf370e7 wp-block-group-is-layout-flex\">\n<figure class=\"wp-block-gallery has-nested-images columns-default is-cropped wp-block-gallery-1 is-layout-flex wp-block-gallery-is-layout-flex\">\n<figure class=\"wp-block-image size-large\"><img fetchpriority=\"high\" decoding=\"async\" width=\"683\" height=\"1024\" data-id=\"1241\" src=\"http:\/\/imofinance.pt\/wp-content\/uploads\/2026\/02\/decoracao-interiores-2-683x1024.png\" alt=\"\" class=\"wp-image-1241\" srcset=\"https:\/\/imofinance.pt\/wp-content\/uploads\/2026\/02\/decoracao-interiores-2-683x1024.png 683w, https:\/\/imofinance.pt\/wp-content\/uploads\/2026\/02\/decoracao-interiores-2-200x300.png 200w, https:\/\/imofinance.pt\/wp-content\/uploads\/2026\/02\/decoracao-interiores-2-768x1152.png 768w, https:\/\/imofinance.pt\/wp-content\/uploads\/2026\/02\/decoracao-interiores-2-433x650.png 433w, https:\/\/imofinance.pt\/wp-content\/uploads\/2026\/02\/decoracao-interiores-2.png 1024w\" sizes=\"(max-width: 683px) 100vw, 683px\" \/><figcaption class=\"wp-element-caption\">Fonte: IA<\/figcaption><\/figure>\n<\/figure>\n\n\n\n<p>As tend\u00eancias de decora\u00e7\u00e3o de interiores para 2026 traduzem uma mudan\u00e7a not\u00f3ria na forma como as pessoas vivem e percecionam a casa. O foco deixa de estar apenas na est\u00e9tica e passa a centrar-se no conforto, no bem-estar e na funcionalidade dos espa\u00e7os. <\/p>\n\n\n\n<p>A habita\u00e7\u00e3o assume um papel cada vez mais relevante no equil\u00edbrio emocional e na qualidade de vida, influenciando diretamente a forma como os im\u00f3veis s\u00e3o valorizados no mercado. Ambientes mais naturais, flex\u00edveis e personalizados tornam-se uma prioridade para quem compra, vende ou remodela casa.<\/p>\n<\/div>\n<\/div><\/div>\n\n\n\n<h3 class=\"wp-block-heading\"><strong>Tend\u00eancias de decora\u00e7\u00e3o focadas no bem-estar<\/strong><\/h3>\n\n\n\n<p>O bem-estar \u00e9 uma das principais tend\u00eancias de decora\u00e7\u00e3o de interiores em 2026. A casa passa a ser pensada como um ref\u00fagio, com ambientes que promovem tranquilidade, conforto e equil\u00edbrio.<\/p>\n\n\n\n<p>Espa\u00e7os com boa ilumina\u00e7\u00e3o natural, cores suaves e organiza\u00e7\u00e3o funcional contribuem para criar divis\u00f5es mais acolhedoras e adaptadas ao dia a dia. O design de interiores acompanha esta necessidade, privilegiando solu\u00e7\u00f5es pr\u00e1ticas e ambientes que favorecem o descanso e o conv\u00edvio.<\/p>\n\n\n\n<h3 class=\"wp-block-heading\"><strong>Materiais naturais em destaque na decora\u00e7\u00e3o de interiores<\/strong><\/h3>\n\n\n\n<div class=\"wp-block-group is-nowrap is-layout-flex wp-container-core-group-is-layout-ad2f72ca wp-block-group-is-layout-flex\">\n<figure class=\"wp-block-image size-full is-resized is-style-rounded\"><img decoding=\"async\" width=\"552\" height=\"405\" src=\"http:\/\/imofinance.pt\/wp-content\/uploads\/2026\/02\/decoracao-interiores2-4.png\" alt=\"\" class=\"wp-image-1307\" style=\"aspect-ratio:3\/4;object-fit:cover;width:396px;height:auto\" srcset=\"https:\/\/imofinance.pt\/wp-content\/uploads\/2026\/02\/decoracao-interiores2-4.png 552w, https:\/\/imofinance.pt\/wp-content\/uploads\/2026\/02\/decoracao-interiores2-4-300x220.png 300w\" sizes=\"(max-width: 552px) 100vw, 552px\" \/><figcaption class=\"wp-element-caption\">Fonte: IA<\/figcaption><\/figure>\n\n\n\n<p>Os materiais naturais afirmam-se como uma das grandes tend\u00eancias de decora\u00e7\u00e3o para 2026. Madeira, pedra, cer\u00e2mica, cal, linho e l\u00e3 ganham protagonismo pela sua durabilidade, est\u00e9tica e liga\u00e7\u00e3o \u00e0 natureza.<\/p>\n<\/div>\n\n\n\n<p>A utiliza\u00e7\u00e3o destes materiais permite criar interiores mais aut\u00eanticos e confort\u00e1veis, com texturas e tons org\u00e2nicos que refor\u00e7am a sensa\u00e7\u00e3o de equil\u00edbrio. Al\u00e9m disso, contribuem para uma perce\u00e7\u00e3o de sustentabilidade e valoriza\u00e7\u00e3o do im\u00f3vel a longo prazo.<\/p>\n\n\n\n<div class=\"wp-block-group is-nowrap is-layout-flex wp-container-core-group-is-layout-ad2f72ca wp-block-group-is-layout-flex\">\n<p>A combina\u00e7\u00e3o entre luz natural, materiais vivos e arquitetura simples \u00e9 uma das abordagens mais procuradas no design de interiores atual.<\/p>\n<\/div>\n\n\n\n<h3 class=\"wp-block-heading\"><strong>Novo conceito de luxo na decora\u00e7\u00e3o da casa<\/strong><\/h3>\n\n\n\n<p>O conceito de luxo na habita\u00e7\u00e3o est\u00e1 a evoluir. Em vez de espa\u00e7os excessivamente decorados, a tend\u00eancia passa por ambientes mais simples, funcionais e personalizados.<\/p>\n\n\n\n<p>O verdadeiro luxo est\u00e1 associado ao conforto, \u00e0 qualidade dos materiais e \u00e0 possibilidade de viver a casa de forma plena. Misturar pe\u00e7as antigas com elementos contempor\u00e2neos, valorizar o artesanato e apostar em solu\u00e7\u00f5es duradouras s\u00e3o pr\u00e1ticas cada vez mais comuns na decora\u00e7\u00e3o de interiores.<\/p>\n\n\n\n<h3 class=\"wp-block-heading\"><strong>Organiza\u00e7\u00e3o dos espa\u00e7os: equil\u00edbrio entre conv\u00edvio e privacidade<\/strong><\/h3>\n\n\n\n<div class=\"wp-block-group is-nowrap is-layout-flex wp-container-core-group-is-layout-ad2f72ca wp-block-group-is-layout-flex\">\n<p>A organiza\u00e7\u00e3o das divis\u00f5es acompanha as novas tend\u00eancias habitacionais. Apesar de o <em>open space<\/em> continuar a ser uma solu\u00e7\u00e3o relevante, existe uma crescente procura por espa\u00e7os com fun\u00e7\u00f5es mais definidas.<\/p>\n\n\n\n<figure class=\"wp-block-image size-full is-resized is-style-rounded\"><img decoding=\"async\" width=\"363\" height=\"326\" src=\"http:\/\/imofinance.pt\/wp-content\/uploads\/2026\/02\/decoracao-interiores-1-2.png\" alt=\"\" class=\"wp-image-1309\" style=\"aspect-ratio:3\/4;object-fit:cover;width:351px;height:auto\" srcset=\"https:\/\/imofinance.pt\/wp-content\/uploads\/2026\/02\/decoracao-interiores-1-2.png 363w, https:\/\/imofinance.pt\/wp-content\/uploads\/2026\/02\/decoracao-interiores-1-2-300x269.png 300w\" sizes=\"(max-width: 363px) 100vw, 363px\" \/><figcaption class=\"wp-element-caption\">Fonte: IA<\/figcaption><\/figure>\n<\/div>\n\n\n\n<div class=\"wp-block-group is-vertical is-layout-flex wp-container-core-group-is-layout-8cf370e7 wp-block-group-is-layout-flex\">\n<p>Cozinhas com identidade pr\u00f3pria, salas mais resguardadas e solu\u00e7\u00f5es flex\u00edveis \u2014 como portas de correr e divis\u00f3rias leves \u2014 permitem adaptar a casa \u00e0s diferentes rotinas. Esta organiza\u00e7\u00e3o melhora o conforto e aumenta a perce\u00e7\u00e3o de funcionalidade do im\u00f3vel.<\/p>\n<\/div>\n\n\n\n<h3 class=\"wp-block-heading\"><strong>Decora\u00e7\u00e3o e valoriza\u00e7\u00e3o do im\u00f3vel<\/strong><\/h3>\n\n\n\n<p>A decora\u00e7\u00e3o tem hoje um impacto direto na valoriza\u00e7\u00e3o de uma casa. Espa\u00e7os bem organizados, com materiais de qualidade e uma est\u00e9tica equilibrada, tornam o im\u00f3vel mais atrativo para potenciais compradores.<\/p>\n\n\n\n<p>As tend\u00eancias de decora\u00e7\u00e3o de interiores para 2026 apontam para solu\u00e7\u00f5es intemporais, que privilegiam conforto, durabilidade e identidade. Estas caracter\u00edsticas contribuem para uma melhor experi\u00eancia de habita\u00e7\u00e3o e para um posicionamento mais competitivo no mercado imobili\u00e1rio.<\/p>\n\n\n\n<h3 class=\"wp-block-heading\"><strong>Tend\u00eancias de interiores para uma forma de viver mais consciente<\/strong><\/h3>\n\n\n\n<p>Mais do que seguir modas, a decora\u00e7\u00e3o passa a refletir um estilo de vida mais consciente e orientado para o essencial. Natureza, funcionalidade e bem-estar tornam-se pilares na cria\u00e7\u00e3o de ambientes pensados para o longo prazo.<\/p>\n\n\n\n<p>Ao integrar materiais naturais, organiza\u00e7\u00e3o eficiente e solu\u00e7\u00f5es flex\u00edveis, a casa transforma-se num espa\u00e7o mais humano, preparado para responder \u00e0s exig\u00eancias da vida contempor\u00e2nea e \u00e0s necessidades de quem a habita.<\/p>\n","protected":false},"excerpt":{"rendered":"<p>Tend\u00eancias de decora\u00e7\u00e3o focadas no bem-estar O bem-estar \u00e9 uma das principais tend\u00eancias de [&hellip;]<\/p>\n","protected":false},"author":3,"featured_media":1251,"comment_status":"open","ping_status":"open","sticky":false,"template":"","format":"standard","meta":{"footnotes":""},"categories":[26,28,9],"tags":[34,35,36],"class_list":["post-1239","post","type-post","status-publish","format-standard","has-post-thumbnail","hentry","category-imobiliario","category-institucional","category-lar","tag-decoracao","tag-interiores","tag-tendencias"],"yoast_head":"<!-- This site is optimized with the Yoast SEO plugin v27.4 - https:\/\/yoast.com\/product\/yoast-seo-wordpress\/ -->\n<title>Decora\u00e7\u00e3o de interiores em 2026: Tend\u00eancias que valorizam a casa e o bem-estar - IMOFINANCE<\/title>\n<meta name=\"robots\" content=\"index, follow, max-snippet:-1, max-image-preview:large, max-video-preview:-1\" \/>\n<link rel=\"canonical\" href=\"https:\/\/imofinance.pt\/index.php\/2026\/03\/11\/decoracao-de-interiores-em-2026-tendencias-que-valorizam-a-casa-e-o-bem-estar\/\" \/>\n<meta property=\"og:locale\" content=\"pt_PT\" \/>\n<meta property=\"og:type\" content=\"article\" \/>\n<meta property=\"og:title\" content=\"Decora\u00e7\u00e3o de interiores em 2026: Tend\u00eancias que valorizam a casa e o bem-estar - IMOFINANCE\" \/>\n<meta property=\"og:description\" content=\"Tend\u00eancias de decora\u00e7\u00e3o focadas no bem-estar O bem-estar \u00e9 uma das principais tend\u00eancias de [&hellip;]\" \/>\n<meta property=\"og:url\" content=\"https:\/\/imofinance.pt\/index.php\/2026\/03\/11\/decoracao-de-interiores-em-2026-tendencias-que-valorizam-a-casa-e-o-bem-estar\/\" \/>\n<meta property=\"og:site_name\" content=\"IMOFINANCE\" \/>\n<meta property=\"article:publisher\" content=\"https:\/\/www.facebook.com\/imofinance.realestate.credit\/\" \/>\n<meta property=\"article:published_time\" content=\"2026-03-11T11:18:44+00:00\" \/>\n<meta property=\"og:image\" content=\"https:\/\/imofinance.pt\/wp-content\/uploads\/2026\/02\/preview-decoracao-interiores-2-683x1024.png\" \/>\n\t<meta property=\"og:image:width\" content=\"683\" \/>\n\t<meta property=\"og:image:height\" content=\"1024\" \/>\n\t<meta property=\"og:image:type\" content=\"image\/png\" \/>\n<meta name=\"author\" content=\"Reda\u00e7\u00e3o da Imofinance\" \/>\n<meta name=\"twitter:card\" content=\"summary_large_image\" \/>\n<meta name=\"twitter:label1\" content=\"Escrito por\" \/>\n\t<meta name=\"twitter:data1\" content=\"Reda\u00e7\u00e3o da Imofinance\" \/>\n\t<meta name=\"twitter:label2\" content=\"Tempo estimado de leitura\" \/>\n\t<meta name=\"twitter:data2\" content=\"4 minutos\" \/>\n<script type=\"application\/ld+json\" class=\"yoast-schema-graph\">{\"@context\":\"https:\\\/\\\/schema.org\",\"@graph\":[{\"@type\":\"Article\",\"@id\":\"https:\\\/\\\/imofinance.pt\\\/index.php\\\/2026\\\/03\\\/11\\\/decoracao-de-interiores-em-2026-tendencias-que-valorizam-a-casa-e-o-bem-estar\\\/#article\",\"isPartOf\":{\"@id\":\"https:\\\/\\\/imofinance.pt\\\/index.php\\\/2026\\\/03\\\/11\\\/decoracao-de-interiores-em-2026-tendencias-que-valorizam-a-casa-e-o-bem-estar\\\/\"},\"author\":{\"name\":\"Reda\u00e7\u00e3o da Imofinance\",\"@id\":\"https:\\\/\\\/imofinance.pt\\\/#\\\/schema\\\/person\\\/b4ceb0bbaa04ea3e3482e671e836e222\"},\"headline\":\"Decora\u00e7\u00e3o de interiores em 2026: Tend\u00eancias que valorizam a casa e o bem-estar\",\"datePublished\":\"2026-03-11T11:18:44+00:00\",\"mainEntityOfPage\":{\"@id\":\"https:\\\/\\\/imofinance.pt\\\/index.php\\\/2026\\\/03\\\/11\\\/decoracao-de-interiores-em-2026-tendencias-que-valorizam-a-casa-e-o-bem-estar\\\/\"},\"wordCount\":666,\"commentCount\":0,\"publisher\":{\"@id\":\"https:\\\/\\\/imofinance.pt\\\/#organization\"},\"image\":{\"@id\":\"https:\\\/\\\/imofinance.pt\\\/index.php\\\/2026\\\/03\\\/11\\\/decoracao-de-interiores-em-2026-tendencias-que-valorizam-a-casa-e-o-bem-estar\\\/#primaryimage\"},\"thumbnailUrl\":\"https:\\\/\\\/imofinance.pt\\\/wp-content\\\/uploads\\\/2026\\\/02\\\/preview-decoracao-interiores-2.png\",\"keywords\":[\"decora\u00e7\u00e3o\",\"interiores\",\"tend\u00eancias\"],\"articleSection\":[\"Imobili\u00e1rio\",\"Institucional\",\"Lar\"],\"inLanguage\":\"pt-PT\",\"potentialAction\":[{\"@type\":\"CommentAction\",\"name\":\"Comment\",\"target\":[\"https:\\\/\\\/imofinance.pt\\\/index.php\\\/2026\\\/03\\\/11\\\/decoracao-de-interiores-em-2026-tendencias-que-valorizam-a-casa-e-o-bem-estar\\\/#respond\"]}]},{\"@type\":\"WebPage\",\"@id\":\"https:\\\/\\\/imofinance.pt\\\/index.php\\\/2026\\\/03\\\/11\\\/decoracao-de-interiores-em-2026-tendencias-que-valorizam-a-casa-e-o-bem-estar\\\/\",\"url\":\"https:\\\/\\\/imofinance.pt\\\/index.php\\\/2026\\\/03\\\/11\\\/decoracao-de-interiores-em-2026-tendencias-que-valorizam-a-casa-e-o-bem-estar\\\/\",\"name\":\"Decora\u00e7\u00e3o de interiores em 2026: Tend\u00eancias que valorizam a casa e o bem-estar - IMOFINANCE\",\"isPartOf\":{\"@id\":\"https:\\\/\\\/imofinance.pt\\\/#website\"},\"primaryImageOfPage\":{\"@id\":\"https:\\\/\\\/imofinance.pt\\\/index.php\\\/2026\\\/03\\\/11\\\/decoracao-de-interiores-em-2026-tendencias-que-valorizam-a-casa-e-o-bem-estar\\\/#primaryimage\"},\"image\":{\"@id\":\"https:\\\/\\\/imofinance.pt\\\/index.php\\\/2026\\\/03\\\/11\\\/decoracao-de-interiores-em-2026-tendencias-que-valorizam-a-casa-e-o-bem-estar\\\/#primaryimage\"},\"thumbnailUrl\":\"https:\\\/\\\/imofinance.pt\\\/wp-content\\\/uploads\\\/2026\\\/02\\\/preview-decoracao-interiores-2.png\",\"datePublished\":\"2026-03-11T11:18:44+00:00\",\"breadcrumb\":{\"@id\":\"https:\\\/\\\/imofinance.pt\\\/index.php\\\/2026\\\/03\\\/11\\\/decoracao-de-interiores-em-2026-tendencias-que-valorizam-a-casa-e-o-bem-estar\\\/#breadcrumb\"},\"inLanguage\":\"pt-PT\",\"potentialAction\":[{\"@type\":\"ReadAction\",\"target\":[\"https:\\\/\\\/imofinance.pt\\\/index.php\\\/2026\\\/03\\\/11\\\/decoracao-de-interiores-em-2026-tendencias-que-valorizam-a-casa-e-o-bem-estar\\\/\"]}]},{\"@type\":\"ImageObject\",\"inLanguage\":\"pt-PT\",\"@id\":\"https:\\\/\\\/imofinance.pt\\\/index.php\\\/2026\\\/03\\\/11\\\/decoracao-de-interiores-em-2026-tendencias-que-valorizam-a-casa-e-o-bem-estar\\\/#primaryimage\",\"url\":\"https:\\\/\\\/imofinance.pt\\\/wp-content\\\/uploads\\\/2026\\\/02\\\/preview-decoracao-interiores-2.png\",\"contentUrl\":\"https:\\\/\\\/imofinance.pt\\\/wp-content\\\/uploads\\\/2026\\\/02\\\/preview-decoracao-interiores-2.png\",\"width\":1024,\"height\":1536},{\"@type\":\"BreadcrumbList\",\"@id\":\"https:\\\/\\\/imofinance.pt\\\/index.php\\\/2026\\\/03\\\/11\\\/decoracao-de-interiores-em-2026-tendencias-que-valorizam-a-casa-e-o-bem-estar\\\/#breadcrumb\",\"itemListElement\":[{\"@type\":\"ListItem\",\"position\":1,\"name\":\"In\u00edcio\",\"item\":\"https:\\\/\\\/imofinance.pt\\\/\"},{\"@type\":\"ListItem\",\"position\":2,\"name\":\"Decora\u00e7\u00e3o de interiores em 2026: Tend\u00eancias que valorizam a casa e o bem-estar\"}]},{\"@type\":\"WebSite\",\"@id\":\"https:\\\/\\\/imofinance.pt\\\/#website\",\"url\":\"https:\\\/\\\/imofinance.pt\\\/\",\"name\":\"IMOFINANCE\",\"description\":\"Intermedia&ccedil;&atilde;o de Cr&eacute;dito e Media&ccedil;&atilde;o Imobili&aacute;ria | Credit Intermediation and Real Estate\",\"publisher\":{\"@id\":\"https:\\\/\\\/imofinance.pt\\\/#organization\"},\"potentialAction\":[{\"@type\":\"SearchAction\",\"target\":{\"@type\":\"EntryPoint\",\"urlTemplate\":\"https:\\\/\\\/imofinance.pt\\\/?s={search_term_string}\"},\"query-input\":{\"@type\":\"PropertyValueSpecification\",\"valueRequired\":true,\"valueName\":\"search_term_string\"}}],\"inLanguage\":\"pt-PT\"},{\"@type\":\"Organization\",\"@id\":\"https:\\\/\\\/imofinance.pt\\\/#organization\",\"name\":\"IMOFINANCE by Formula Credivel Lda\",\"url\":\"https:\\\/\\\/imofinance.pt\\\/\",\"logo\":{\"@type\":\"ImageObject\",\"inLanguage\":\"pt-PT\",\"@id\":\"https:\\\/\\\/imofinance.pt\\\/#\\\/schema\\\/logo\\\/image\\\/\",\"url\":\"http:\\\/\\\/imofinance.pt\\\/wp-content\\\/uploads\\\/2024\\\/04\\\/logo-IF-imofinance400.png\",\"contentUrl\":\"http:\\\/\\\/imofinance.pt\\\/wp-content\\\/uploads\\\/2024\\\/04\\\/logo-IF-imofinance400.png\",\"width\":180,\"height\":182,\"caption\":\"IMOFINANCE by Formula Credivel Lda\"},\"image\":{\"@id\":\"https:\\\/\\\/imofinance.pt\\\/#\\\/schema\\\/logo\\\/image\\\/\"},\"sameAs\":[\"https:\\\/\\\/www.facebook.com\\\/imofinance.realestate.credit\\\/\",\"https:\\\/\\\/www.linkedin.com\\\/company\\\/86829250\\\/admin\\\/feed\\\/posts\\\/\",\"https:\\\/\\\/www.youtube.com\\\/channel\\\/UCBDXHUT2JFgp-oqL1td6bEg\",\"https:\\\/\\\/www.instagram.com\\\/imofinance_pt\\\/\"]},{\"@type\":\"Person\",\"@id\":\"https:\\\/\\\/imofinance.pt\\\/#\\\/schema\\\/person\\\/b4ceb0bbaa04ea3e3482e671e836e222\",\"name\":\"Reda\u00e7\u00e3o da Imofinance\",\"image\":{\"@type\":\"ImageObject\",\"inLanguage\":\"pt-PT\",\"@id\":\"https:\\\/\\\/imofinance.pt\\\/wp-content\\\/litespeed\\\/avatar\\\/527f883a97ddaf8e279f1d80fd3b4e51.jpg?ver=1776977775\",\"url\":\"https:\\\/\\\/imofinance.pt\\\/wp-content\\\/litespeed\\\/avatar\\\/527f883a97ddaf8e279f1d80fd3b4e51.jpg?ver=1776977775\",\"contentUrl\":\"https:\\\/\\\/imofinance.pt\\\/wp-content\\\/litespeed\\\/avatar\\\/527f883a97ddaf8e279f1d80fd3b4e51.jpg?ver=1776977775\",\"caption\":\"Reda\u00e7\u00e3o da Imofinance\"},\"url\":\"https:\\\/\\\/imofinance.pt\\\/index.php\\\/author\\\/redacao\\\/\"}]}<\/script>\n<!-- \/ Yoast SEO plugin. -->","yoast_head_json":{"title":"Decora\u00e7\u00e3o de interiores em 2026: Tend\u00eancias que valorizam a casa e o bem-estar - IMOFINANCE","robots":{"index":"index","follow":"follow","max-snippet":"max-snippet:-1","max-image-preview":"max-image-preview:large","max-video-preview":"max-video-preview:-1"},"canonical":"https:\/\/imofinance.pt\/index.php\/2026\/03\/11\/decoracao-de-interiores-em-2026-tendencias-que-valorizam-a-casa-e-o-bem-estar\/","og_locale":"pt_PT","og_type":"article","og_title":"Decora\u00e7\u00e3o de interiores em 2026: Tend\u00eancias que valorizam a casa e o bem-estar - IMOFINANCE","og_description":"Tend\u00eancias de decora\u00e7\u00e3o focadas no bem-estar O bem-estar \u00e9 uma das principais tend\u00eancias de [&hellip;]","og_url":"https:\/\/imofinance.pt\/index.php\/2026\/03\/11\/decoracao-de-interiores-em-2026-tendencias-que-valorizam-a-casa-e-o-bem-estar\/","og_site_name":"IMOFINANCE","article_publisher":"https:\/\/www.facebook.com\/imofinance.realestate.credit\/","article_published_time":"2026-03-11T11:18:44+00:00","og_image":[{"width":683,"height":1024,"url":"https:\/\/imofinance.pt\/wp-content\/uploads\/2026\/02\/preview-decoracao-interiores-2-683x1024.png","type":"image\/png"}],"author":"Reda\u00e7\u00e3o da Imofinance","twitter_card":"summary_large_image","twitter_misc":{"Escrito por":"Reda\u00e7\u00e3o da Imofinance","Tempo estimado de leitura":"4 minutos"},"schema":{"@context":"https:\/\/schema.org","@graph":[{"@type":"Article","@id":"https:\/\/imofinance.pt\/index.php\/2026\/03\/11\/decoracao-de-interiores-em-2026-tendencias-que-valorizam-a-casa-e-o-bem-estar\/#article","isPartOf":{"@id":"https:\/\/imofinance.pt\/index.php\/2026\/03\/11\/decoracao-de-interiores-em-2026-tendencias-que-valorizam-a-casa-e-o-bem-estar\/"},"author":{"name":"Reda\u00e7\u00e3o da Imofinance","@id":"https:\/\/imofinance.pt\/#\/schema\/person\/b4ceb0bbaa04ea3e3482e671e836e222"},"headline":"Decora\u00e7\u00e3o de interiores em 2026: Tend\u00eancias que valorizam a casa e o bem-estar","datePublished":"2026-03-11T11:18:44+00:00","mainEntityOfPage":{"@id":"https:\/\/imofinance.pt\/index.php\/2026\/03\/11\/decoracao-de-interiores-em-2026-tendencias-que-valorizam-a-casa-e-o-bem-estar\/"},"wordCount":666,"commentCount":0,"publisher":{"@id":"https:\/\/imofinance.pt\/#organization"},"image":{"@id":"https:\/\/imofinance.pt\/index.php\/2026\/03\/11\/decoracao-de-interiores-em-2026-tendencias-que-valorizam-a-casa-e-o-bem-estar\/#primaryimage"},"thumbnailUrl":"https:\/\/imofinance.pt\/wp-content\/uploads\/2026\/02\/preview-decoracao-interiores-2.png","keywords":["decora\u00e7\u00e3o","interiores","tend\u00eancias"],"articleSection":["Imobili\u00e1rio","Institucional","Lar"],"inLanguage":"pt-PT","potentialAction":[{"@type":"CommentAction","name":"Comment","target":["https:\/\/imofinance.pt\/index.php\/2026\/03\/11\/decoracao-de-interiores-em-2026-tendencias-que-valorizam-a-casa-e-o-bem-estar\/#respond"]}]},{"@type":"WebPage","@id":"https:\/\/imofinance.pt\/index.php\/2026\/03\/11\/decoracao-de-interiores-em-2026-tendencias-que-valorizam-a-casa-e-o-bem-estar\/","url":"https:\/\/imofinance.pt\/index.php\/2026\/03\/11\/decoracao-de-interiores-em-2026-tendencias-que-valorizam-a-casa-e-o-bem-estar\/","name":"Decora\u00e7\u00e3o de interiores em 2026: Tend\u00eancias que valorizam a casa e o bem-estar - IMOFINANCE","isPartOf":{"@id":"https:\/\/imofinance.pt\/#website"},"primaryImageOfPage":{"@id":"https:\/\/imofinance.pt\/index.php\/2026\/03\/11\/decoracao-de-interiores-em-2026-tendencias-que-valorizam-a-casa-e-o-bem-estar\/#primaryimage"},"image":{"@id":"https:\/\/imofinance.pt\/index.php\/2026\/03\/11\/decoracao-de-interiores-em-2026-tendencias-que-valorizam-a-casa-e-o-bem-estar\/#primaryimage"},"thumbnailUrl":"https:\/\/imofinance.pt\/wp-content\/uploads\/2026\/02\/preview-decoracao-interiores-2.png","datePublished":"2026-03-11T11:18:44+00:00","breadcrumb":{"@id":"https:\/\/imofinance.pt\/index.php\/2026\/03\/11\/decoracao-de-interiores-em-2026-tendencias-que-valorizam-a-casa-e-o-bem-estar\/#breadcrumb"},"inLanguage":"pt-PT","potentialAction":[{"@type":"ReadAction","target":["https:\/\/imofinance.pt\/index.php\/2026\/03\/11\/decoracao-de-interiores-em-2026-tendencias-que-valorizam-a-casa-e-o-bem-estar\/"]}]},{"@type":"ImageObject","inLanguage":"pt-PT","@id":"https:\/\/imofinance.pt\/index.php\/2026\/03\/11\/decoracao-de-interiores-em-2026-tendencias-que-valorizam-a-casa-e-o-bem-estar\/#primaryimage","url":"https:\/\/imofinance.pt\/wp-content\/uploads\/2026\/02\/preview-decoracao-interiores-2.png","contentUrl":"https:\/\/imofinance.pt\/wp-content\/uploads\/2026\/02\/preview-decoracao-interiores-2.png","width":1024,"height":1536},{"@type":"BreadcrumbList","@id":"https:\/\/imofinance.pt\/index.php\/2026\/03\/11\/decoracao-de-interiores-em-2026-tendencias-que-valorizam-a-casa-e-o-bem-estar\/#breadcrumb","itemListElement":[{"@type":"ListItem","position":1,"name":"In\u00edcio","item":"https:\/\/imofinance.pt\/"},{"@type":"ListItem","position":2,"name":"Decora\u00e7\u00e3o de interiores em 2026: Tend\u00eancias que valorizam a casa e o bem-estar"}]},{"@type":"WebSite","@id":"https:\/\/imofinance.pt\/#website","url":"https:\/\/imofinance.pt\/","name":"IMOFINANCE","description":"Intermedia&ccedil;&atilde;o de Cr&eacute;dito e Media&ccedil;&atilde;o Imobili&aacute;ria | Credit Intermediation and Real Estate","publisher":{"@id":"https:\/\/imofinance.pt\/#organization"},"potentialAction":[{"@type":"SearchAction","target":{"@type":"EntryPoint","urlTemplate":"https:\/\/imofinance.pt\/?s={search_term_string}"},"query-input":{"@type":"PropertyValueSpecification","valueRequired":true,"valueName":"search_term_string"}}],"inLanguage":"pt-PT"},{"@type":"Organization","@id":"https:\/\/imofinance.pt\/#organization","name":"IMOFINANCE by Formula Credivel Lda","url":"https:\/\/imofinance.pt\/","logo":{"@type":"ImageObject","inLanguage":"pt-PT","@id":"https:\/\/imofinance.pt\/#\/schema\/logo\/image\/","url":"http:\/\/imofinance.pt\/wp-content\/uploads\/2024\/04\/logo-IF-imofinance400.png","contentUrl":"http:\/\/imofinance.pt\/wp-content\/uploads\/2024\/04\/logo-IF-imofinance400.png","width":180,"height":182,"caption":"IMOFINANCE by Formula Credivel Lda"},"image":{"@id":"https:\/\/imofinance.pt\/#\/schema\/logo\/image\/"},"sameAs":["https:\/\/www.facebook.com\/imofinance.realestate.credit\/","https:\/\/www.linkedin.com\/company\/86829250\/admin\/feed\/posts\/","https:\/\/www.youtube.com\/channel\/UCBDXHUT2JFgp-oqL1td6bEg","https:\/\/www.instagram.com\/imofinance_pt\/"]},{"@type":"Person","@id":"https:\/\/imofinance.pt\/#\/schema\/person\/b4ceb0bbaa04ea3e3482e671e836e222","name":"Reda\u00e7\u00e3o da Imofinance","image":{"@type":"ImageObject","inLanguage":"pt-PT","@id":"https:\/\/imofinance.pt\/wp-content\/litespeed\/avatar\/527f883a97ddaf8e279f1d80fd3b4e51.jpg?ver=1776977775","url":"https:\/\/imofinance.pt\/wp-content\/litespeed\/avatar\/527f883a97ddaf8e279f1d80fd3b4e51.jpg?ver=1776977775","contentUrl":"https:\/\/imofinance.pt\/wp-content\/litespeed\/avatar\/527f883a97ddaf8e279f1d80fd3b4e51.jpg?ver=1776977775","caption":"Reda\u00e7\u00e3o da Imofinance"},"url":"https:\/\/imofinance.pt\/index.php\/author\/redacao\/"}]}},"_links":{"self":[{"href":"https:\/\/imofinance.pt\/index.php\/wp-json\/wp\/v2\/posts\/1239","targetHints":{"allow":["GET"]}}],"collection":[{"href":"https:\/\/imofinance.pt\/index.php\/wp-json\/wp\/v2\/posts"}],"about":[{"href":"https:\/\/imofinance.pt\/index.php\/wp-json\/wp\/v2\/types\/post"}],"author":[{"embeddable":true,"href":"https:\/\/imofinance.pt\/index.php\/wp-json\/wp\/v2\/users\/3"}],"replies":[{"embeddable":true,"href":"https:\/\/imofinance.pt\/index.php\/wp-json\/wp\/v2\/comments?post=1239"}],"version-history":[{"count":47,"href":"https:\/\/imofinance.pt\/index.php\/wp-json\/wp\/v2\/posts\/1239\/revisions"}],"predecessor-version":[{"id":1311,"href":"https:\/\/imofinance.pt\/index.php\/wp-json\/wp\/v2\/posts\/1239\/revisions\/1311"}],"wp:featuredmedia":[{"embeddable":true,"href":"https:\/\/imofinance.pt\/index.php\/wp-json\/wp\/v2\/media\/1251"}],"wp:attachment":[{"href":"https:\/\/imofinance.pt\/index.php\/wp-json\/wp\/v2\/media?parent=1239"}],"wp:term":[{"taxonomy":"category","embeddable":true,"href":"https:\/\/imofinance.pt\/index.php\/wp-json\/wp\/v2\/categories?post=1239"},{"taxonomy":"post_tag","embeddable":true,"href":"https:\/\/imofinance.pt\/index.php\/wp-json\/wp\/v2\/tags?post=1239"}],"curies":[{"name":"wp","href":"https:\/\/api.w.org\/{rel}","templated":true}]}}